{"id":4261,"date":"2022-12-27T18:08:27","date_gmt":"2022-12-27T16:08:27","guid":{"rendered":"https:\/\/ruususeura.fi\/rosenhandelser-2023\/"},"modified":"2026-01-08T16:55:36","modified_gmt":"2026-01-08T14:55:36","slug":"rosenhandelser-2023","status":"publish","type":"post","link":"https:\/\/ruususeura.fi\/sv\/rosenhandelser-2023\/","title":{"rendered":"Rosenh\u00e4ndelser 2026"},"content":{"rendered":"\t\t<div data-elementor-type=\"wp-post\" data-elementor-id=\"4261\" class=\"elementor elementor-4261 elementor-4256\">\n\t\t\t\t\t\t<section class=\"elementor-section elementor-top-section elementor-element elementor-element-68a1cfa elementor-section-boxed elementor-section-height-default elementor-section-height-default\" data-id=\"68a1cfa\" data-element_type=\"section\" data-e-type=\"section\">\n\t\t\t\t\t\t<div class=\"elementor-container elementor-column-gap-default\">\n\t\t\t\t\t<div class=\"aux-parallax-section elementor-column elementor-col-50 elementor-top-column elementor-element elementor-element-65ef344\" data-id=\"65ef344\" data-element_type=\"column\" data-e-type=\"column\">\n\t\t\t<div class=\"elementor-widget-wrap elementor-element-populated\">\n\t\t\t\t\t\t<div class=\"elementor-element elementor-element-c3bdc5a elementor-widget elementor-widget-text-editor\" data-id=\"c3bdc5a\" data-element_type=\"widget\" data-e-type=\"widget\" data-widget_type=\"text-editor.default\">\n\t\t\t\t<div class=\"elementor-widget-container\">\n\t\t\t\t\t\t\t\t\t<h4><strong>Rosenh\u00e4ndelser under b\u00f6rjan av \u00e5ret i Finland<\/strong><\/h4>\n<p>21.3.2026 kl.12 Finska Rosens\u00e4llskapets \u00e5rsm\u00f6te, Kulturcentret Laikku, Keskustori 4, i Tammerfors. Se <a href=\"https:\/\/ruususeura.fi\/sv\/moten\/\"><strong>M\u00f6ten\u00a0<\/strong><\/a><\/p>\n<p>26-29.3.2026 <a href=\"https:\/\/kevatmessut.messukeskus.com\">V\u00e5rm\u00e4ssan<\/a> i Helsingfors M\u00e4sscentrum, \u00a0Rosens\u00e4llskapet \u00e4r med p\u00e5 Puutarhaliittos avdelning<\/p>\n<p>6.6.2026. Runsala Planttorg. F\u00f6rel\u00e4sning: Finska Rosor.<\/p>\n<p>7.6.2026. Jyv\u00e4skyl\u00e4 planttorg<\/p>\n<p>5.7.2026 \u00d6ppna tr\u00e4dg\u00e5rdar<\/p>\n<p>Augusti 2026: Mustila Plantdag<\/p>\n<p>&nbsp;<\/p>\n\t\t\t\t\t\t\t\t<\/div>\n\t\t\t\t<\/div>\n\t\t\t\t\t<\/div>\n\t\t<\/div>\n\t\t\t\t<div class=\"aux-parallax-section elementor-column elementor-col-50 elementor-top-column elementor-element elementor-element-f2c2c06\" data-id=\"f2c2c06\" data-element_type=\"column\" data-e-type=\"column\">\n\t\t\t<div class=\"elementor-widget-wrap elementor-element-populated\">\n\t\t\t\t\t\t<div class=\"elementor-element elementor-element-8ef1b45 elementor-widget elementor-widget-text-editor\" data-id=\"8ef1b45\" data-element_type=\"widget\" data-e-type=\"widget\" data-widget_type=\"text-editor.default\">\n\t\t\t\t<div class=\"elementor-widget-container\">\n\t\t\t\t\t\t\t\t\t<h4><strong>Rosenh\u00e4ndelser utomlands under \u00a0\u00e5ret<\/strong><\/h4>\n<p>&nbsp;<\/p>\n<p>&nbsp;<\/p>\n<p>&nbsp;<\/p>\n\t\t\t\t\t\t\t\t<\/div>\n\t\t\t\t<\/div>\n\t\t\t\t\t<\/div>\n\t\t<\/div>\n\t\t\t\t\t<\/div>\n\t\t<\/section>\n\t\t\t\t<\/div>\n\t\t","protected":false},"excerpt":{"rendered":"<p>Rosenh\u00e4ndelser under b\u00f6rjan av \u00e5ret i Finland 21.3.2026 kl.12 Finska Rosens\u00e4llskapets \u00e5rsm\u00f6te, Kulturcentret Laikku, Keskustori 4, i Tammerfors. Se M\u00f6ten\u00a0 26-29.3.2026 V\u00e5rm\u00e4ssan i Helsingfors M\u00e4sscentrum, \u00a0Rosens\u00e4llskapet \u00e4r med p\u00e5 Puutarhaliittos avdelning 6.6.2026. Runsala Planttorg. F\u00f6rel\u00e4sning: Finska Rosor. 7.6.2026. Jyv\u00e4skyl\u00e4 planttorg 5.7.2026 \u00d6ppna tr\u00e4dg\u00e5rdar Augusti 2026: Mustila Plantdag &nbsp; Rosenh\u00e4ndelser utomlands under \u00a0\u00e5ret &nbsp; &nbsp; &nbsp;<\/p>\n","protected":false},"author":2,"featured_media":0,"comment_status":"closed","ping_status":"open","sticky":false,"template":"","format":"standard","meta":{"footnotes":""},"categories":[4],"tags":[],"class_list":["post-4261","post","type-post","status-publish","format-standard","hentry","category-aktuellt"],"_links":{"self":[{"href":"https:\/\/ruususeura.fi\/sv\/wp-json\/wp\/v2\/posts\/4261","targetHints":{"allow":["GET"]}}],"collection":[{"href":"https:\/\/ruususeura.fi\/sv\/wp-json\/wp\/v2\/posts"}],"about":[{"href":"https:\/\/ruususeura.fi\/sv\/wp-json\/wp\/v2\/types\/post"}],"author":[{"embeddable":true,"href":"https:\/\/ruususeura.fi\/sv\/wp-json\/wp\/v2\/users\/2"}],"replies":[{"embeddable":true,"href":"https:\/\/ruususeura.fi\/sv\/wp-json\/wp\/v2\/comments?post=4261"}],"version-history":[{"count":5,"href":"https:\/\/ruususeura.fi\/sv\/wp-json\/wp\/v2\/posts\/4261\/revisions"}],"predecessor-version":[{"id":4801,"href":"https:\/\/ruususeura.fi\/sv\/wp-json\/wp\/v2\/posts\/4261\/revisions\/4801"}],"wp:attachment":[{"href":"https:\/\/ruususeura.fi\/sv\/wp-json\/wp\/v2\/media?parent=4261"}],"wp:term":[{"taxonomy":"category","embeddable":true,"href":"https:\/\/ruususeura.fi\/sv\/wp-json\/wp\/v2\/categories?post=4261"},{"taxonomy":"post_tag","embeddable":true,"href":"https:\/\/ruususeura.fi\/sv\/wp-json\/wp\/v2\/tags?post=4261"}],"curies":[{"name":"wp","href":"https:\/\/api.w.org\/{rel}","templated":true}]}}